{"id":29135,"date":"2026-04-28T13:38:33","date_gmt":"2026-04-28T17:38:33","guid":{"rendered":"https:\/\/csdcab.ca\/?post_type=actualites&#038;p=29135"},"modified":"2026-04-28T13:38:33","modified_gmt":"2026-04-28T17:38:33","slug":"rencontre-intergenerationnelle","status":"publish","type":"actualites","link":"https:\/\/csdcab.ca\/en\/actualites\/rencontre-intergenerationnelle\/","title":{"rendered":"Rencontre interg\u00e9n\u00e9rationnelle \u00e0 l\u2019occasion de la Journ\u00e9e de la Terre"},"excerpt":{"rendered":"<p>\u00c0 l\u2019occasion de la Journ\u00e9e de la Terre, c\u00e9l\u00e9br\u00e9e le 22 avril, les \u00e9l\u00e8ves de la chorale de l\u2019\u00c9cole secondaire catholique de La V\u00e9rendrye ont particip\u00e9 \u00e0 une rencontre au Centre francophone, aux c\u00f4t\u00e9s des a\u00een\u00e9s de la communaut\u00e9.<\/p>","protected":false},"featured_media":29150,"template":"","class_list":["post-29135","actualites","type-actualites","status-publish","has-post-thumbnail","hentry"],"yoast_head":"<!-- This site is optimized with the Yoast SEO plugin v27.4 - https:\/\/yoast.com\/product\/yoast-seo-wordpress\/ -->\n<title>Rencontre interg\u00e9n\u00e9rationnelle \u00e0 l\u2019occasion de la Journ\u00e9e de la Terre - CSDC des Aurores bor\u00e9ales<\/title>\n<meta name=\"description\" content=\"Les jeunes de l&#039;\u00e9cole secondaire catholique De La V\u00e9rendrye rencontrent les ain\u00e9s et partagent des moments d&#039;\u00e9changes et de d\u00e9couverte.\" \/>\n<meta name=\"robots\" content=\"index, follow, max-snippet:-1, max-image-preview:large, max-video-preview:-1\" \/>\n<link rel=\"canonical\" href=\"https:\/\/csdcab.ca\/en\/actualites\/rencontre-intergenerationnelle\/\" \/>\n<meta property=\"og:locale\" content=\"en_US\" \/>\n<meta property=\"og:type\" content=\"article\" \/>\n<meta property=\"og:title\" content=\"Rencontre interg\u00e9n\u00e9rationnelle \u00e0 l\u2019occasion de la Journ\u00e9e de la Terre - CSDC des Aurores bor\u00e9ales\" \/>\n<meta property=\"og:description\" content=\"Les jeunes de l&#039;\u00e9cole secondaire catholique De La V\u00e9rendrye rencontrent les ain\u00e9s et partagent des moments d&#039;\u00e9changes et de d\u00e9couverte.\" \/>\n<meta property=\"og:url\" content=\"https:\/\/csdcab.ca\/en\/actualites\/rencontre-intergenerationnelle\/\" \/>\n<meta property=\"og:site_name\" content=\"CSDC des Aurores bor\u00e9ales\" \/>\n<meta property=\"article:publisher\" content=\"https:\/\/www.facebook.com\/csdcab\" \/>\n<meta property=\"og:image\" content=\"https:\/\/csdcab.ca\/wp-content\/uploads\/2026\/04\/Photo-2-6.jpg\" \/>\n\t<meta property=\"og:image:width\" content=\"508\" \/>\n\t<meta property=\"og:image:height\" content=\"468\" \/>\n\t<meta property=\"og:image:type\" content=\"image\/jpeg\" \/>\n<meta name=\"twitter:card\" content=\"summary_large_image\" \/>\n<meta name=\"twitter:site\" content=\"@csdcab\" \/>\n<meta name=\"twitter:label1\" content=\"Est. reading time\" \/>\n\t<meta name=\"twitter:data1\" content=\"1 minute\" \/>\n<script type=\"application\/ld+json\" class=\"yoast-schema-graph\">{\"@context\":\"https:\\\/\\\/schema.org\",\"@graph\":[{\"@type\":\"WebPage\",\"@id\":\"https:\\\/\\\/csdcab.ca\\\/actualites\\\/rencontre-intergenerationnelle\\\/\",\"url\":\"https:\\\/\\\/csdcab.ca\\\/actualites\\\/rencontre-intergenerationnelle\\\/\",\"name\":\"Rencontre interg\u00e9n\u00e9rationnelle \u00e0 l\u2019occasion de la Journ\u00e9e de la Terre - CSDC des Aurores bor\u00e9ales\",\"isPartOf\":{\"@id\":\"https:\\\/\\\/csdcab.ca\\\/en\\\/#website\"},\"primaryImageOfPage\":{\"@id\":\"https:\\\/\\\/csdcab.ca\\\/actualites\\\/rencontre-intergenerationnelle\\\/#primaryimage\"},\"image\":{\"@id\":\"https:\\\/\\\/csdcab.ca\\\/actualites\\\/rencontre-intergenerationnelle\\\/#primaryimage\"},\"thumbnailUrl\":\"https:\\\/\\\/csdcab.ca\\\/wp-content\\\/uploads\\\/2026\\\/04\\\/Photo-2-6.jpg\",\"datePublished\":\"2026-04-28T17:38:33+00:00\",\"description\":\"Les jeunes de l'\u00e9cole secondaire catholique De La V\u00e9rendrye rencontrent les ain\u00e9s et partagent des moments d'\u00e9changes et de d\u00e9couverte.\",\"breadcrumb\":{\"@id\":\"https:\\\/\\\/csdcab.ca\\\/actualites\\\/rencontre-intergenerationnelle\\\/#breadcrumb\"},\"inLanguage\":\"en-CA\",\"potentialAction\":[{\"@type\":\"ReadAction\",\"target\":[\"https:\\\/\\\/csdcab.ca\\\/actualites\\\/rencontre-intergenerationnelle\\\/\"]}]},{\"@type\":\"ImageObject\",\"inLanguage\":\"en-CA\",\"@id\":\"https:\\\/\\\/csdcab.ca\\\/actualites\\\/rencontre-intergenerationnelle\\\/#primaryimage\",\"url\":\"https:\\\/\\\/csdcab.ca\\\/wp-content\\\/uploads\\\/2026\\\/04\\\/Photo-2-6.jpg\",\"contentUrl\":\"https:\\\/\\\/csdcab.ca\\\/wp-content\\\/uploads\\\/2026\\\/04\\\/Photo-2-6.jpg\",\"width\":508,\"height\":468},{\"@type\":\"BreadcrumbList\",\"@id\":\"https:\\\/\\\/csdcab.ca\\\/actualites\\\/rencontre-intergenerationnelle\\\/#breadcrumb\",\"itemListElement\":[{\"@type\":\"ListItem\",\"position\":1,\"name\":\"Accueil\",\"item\":\"https:\\\/\\\/csdcab.ca\\\/\"},{\"@type\":\"ListItem\",\"position\":2,\"name\":\"Actualit\u00e9s\",\"item\":\"https:\\\/\\\/csdcab.ca\\\/actualites\\\/\"},{\"@type\":\"ListItem\",\"position\":3,\"name\":\"Rencontre interg\u00e9n\u00e9rationnelle \u00e0 l\u2019occasion de la Journ\u00e9e de la Terre\"}]},{\"@type\":\"WebSite\",\"@id\":\"https:\\\/\\\/csdcab.ca\\\/en\\\/#website\",\"url\":\"https:\\\/\\\/csdcab.ca\\\/en\\\/\",\"name\":\"CSDC des Aurores bor\u00e9ales\",\"description\":\"CSDC des Aurores bor\u00e9ales\",\"publisher\":{\"@id\":\"https:\\\/\\\/csdcab.ca\\\/en\\\/#organization\"},\"potentialAction\":[{\"@type\":\"SearchAction\",\"target\":{\"@type\":\"EntryPoint\",\"urlTemplate\":\"https:\\\/\\\/csdcab.ca\\\/en\\\/?s={search_term_string}\"},\"query-input\":{\"@type\":\"PropertyValueSpecification\",\"valueRequired\":true,\"valueName\":\"search_term_string\"}}],\"inLanguage\":\"en-CA\"},{\"@type\":\"Organization\",\"@id\":\"https:\\\/\\\/csdcab.ca\\\/en\\\/#organization\",\"name\":\"CSDC des Aurores bor\u00e9ales\",\"url\":\"https:\\\/\\\/csdcab.ca\\\/en\\\/\",\"logo\":{\"@type\":\"ImageObject\",\"inLanguage\":\"en-CA\",\"@id\":\"https:\\\/\\\/csdcab.ca\\\/en\\\/#\\\/schema\\\/logo\\\/image\\\/\",\"url\":\"https:\\\/\\\/csdcab.ca\\\/wp-content\\\/uploads\\\/2021\\\/07\\\/logo_conseil.svg\",\"contentUrl\":\"https:\\\/\\\/csdcab.ca\\\/wp-content\\\/uploads\\\/2021\\\/07\\\/logo_conseil.svg\",\"width\":396.39,\"height\":107.15,\"caption\":\"CSDC des Aurores bor\u00e9ales\"},\"image\":{\"@id\":\"https:\\\/\\\/csdcab.ca\\\/en\\\/#\\\/schema\\\/logo\\\/image\\\/\"},\"sameAs\":[\"https:\\\/\\\/www.facebook.com\\\/csdcab\",\"https:\\\/\\\/x.com\\\/csdcab\",\"https:\\\/\\\/www.youtube.com\\\/channel\\\/UCTWQOPC_Kh8GvED-3AuBqZQ\"]}]}<\/script>\n<!-- \/ Yoast SEO plugin. -->","yoast_head_json":{"title":"Rencontre interg\u00e9n\u00e9rationnelle \u00e0 l\u2019occasion de la Journ\u00e9e de la Terre - CSDC des Aurores bor\u00e9ales","description":"Les jeunes de l'\u00e9cole secondaire catholique De La V\u00e9rendrye rencontrent les ain\u00e9s et partagent des moments d'\u00e9changes et de d\u00e9couverte.","robots":{"index":"index","follow":"follow","max-snippet":"max-snippet:-1","max-image-preview":"max-image-preview:large","max-video-preview":"max-video-preview:-1"},"canonical":"https:\/\/csdcab.ca\/en\/actualites\/rencontre-intergenerationnelle\/","og_locale":"en_US","og_type":"article","og_title":"Rencontre interg\u00e9n\u00e9rationnelle \u00e0 l\u2019occasion de la Journ\u00e9e de la Terre - CSDC des Aurores bor\u00e9ales","og_description":"Les jeunes de l'\u00e9cole secondaire catholique De La V\u00e9rendrye rencontrent les ain\u00e9s et partagent des moments d'\u00e9changes et de d\u00e9couverte.","og_url":"https:\/\/csdcab.ca\/en\/actualites\/rencontre-intergenerationnelle\/","og_site_name":"CSDC des Aurores bor\u00e9ales","article_publisher":"https:\/\/www.facebook.com\/csdcab","og_image":[{"width":508,"height":468,"url":"https:\/\/csdcab.ca\/wp-content\/uploads\/2026\/04\/Photo-2-6.jpg","type":"image\/jpeg"}],"twitter_card":"summary_large_image","twitter_site":"@csdcab","twitter_misc":{"Est. reading time":"1 minute"},"schema":{"@context":"https:\/\/schema.org","@graph":[{"@type":"WebPage","@id":"https:\/\/csdcab.ca\/actualites\/rencontre-intergenerationnelle\/","url":"https:\/\/csdcab.ca\/actualites\/rencontre-intergenerationnelle\/","name":"Rencontre interg\u00e9n\u00e9rationnelle \u00e0 l\u2019occasion de la Journ\u00e9e de la Terre - CSDC des Aurores bor\u00e9ales","isPartOf":{"@id":"https:\/\/csdcab.ca\/en\/#website"},"primaryImageOfPage":{"@id":"https:\/\/csdcab.ca\/actualites\/rencontre-intergenerationnelle\/#primaryimage"},"image":{"@id":"https:\/\/csdcab.ca\/actualites\/rencontre-intergenerationnelle\/#primaryimage"},"thumbnailUrl":"https:\/\/csdcab.ca\/wp-content\/uploads\/2026\/04\/Photo-2-6.jpg","datePublished":"2026-04-28T17:38:33+00:00","description":"Les jeunes de l'\u00e9cole secondaire catholique De La V\u00e9rendrye rencontrent les ain\u00e9s et partagent des moments d'\u00e9changes et de d\u00e9couverte.","breadcrumb":{"@id":"https:\/\/csdcab.ca\/actualites\/rencontre-intergenerationnelle\/#breadcrumb"},"inLanguage":"en-CA","potentialAction":[{"@type":"ReadAction","target":["https:\/\/csdcab.ca\/actualites\/rencontre-intergenerationnelle\/"]}]},{"@type":"ImageObject","inLanguage":"en-CA","@id":"https:\/\/csdcab.ca\/actualites\/rencontre-intergenerationnelle\/#primaryimage","url":"https:\/\/csdcab.ca\/wp-content\/uploads\/2026\/04\/Photo-2-6.jpg","contentUrl":"https:\/\/csdcab.ca\/wp-content\/uploads\/2026\/04\/Photo-2-6.jpg","width":508,"height":468},{"@type":"BreadcrumbList","@id":"https:\/\/csdcab.ca\/actualites\/rencontre-intergenerationnelle\/#breadcrumb","itemListElement":[{"@type":"ListItem","position":1,"name":"Accueil","item":"https:\/\/csdcab.ca\/"},{"@type":"ListItem","position":2,"name":"Actualit\u00e9s","item":"https:\/\/csdcab.ca\/actualites\/"},{"@type":"ListItem","position":3,"name":"Rencontre interg\u00e9n\u00e9rationnelle \u00e0 l\u2019occasion de la Journ\u00e9e de la Terre"}]},{"@type":"WebSite","@id":"https:\/\/csdcab.ca\/en\/#website","url":"https:\/\/csdcab.ca\/en\/","name":"Northern Lights CSDC","description":"Northern Lights CSDC","publisher":{"@id":"https:\/\/csdcab.ca\/en\/#organization"},"potentialAction":[{"@type":"SearchAction","target":{"@type":"EntryPoint","urlTemplate":"https:\/\/csdcab.ca\/en\/?s={search_term_string}"},"query-input":{"@type":"PropertyValueSpecification","valueRequired":true,"valueName":"search_term_string"}}],"inLanguage":"en-CA"},{"@type":"Organization","@id":"https:\/\/csdcab.ca\/en\/#organization","name":"Northern Lights CSDC","url":"https:\/\/csdcab.ca\/en\/","logo":{"@type":"ImageObject","inLanguage":"en-CA","@id":"https:\/\/csdcab.ca\/en\/#\/schema\/logo\/image\/","url":"https:\/\/csdcab.ca\/wp-content\/uploads\/2021\/07\/logo_conseil.svg","contentUrl":"https:\/\/csdcab.ca\/wp-content\/uploads\/2021\/07\/logo_conseil.svg","width":396.39,"height":107.15,"caption":"CSDC des Aurores bor\u00e9ales"},"image":{"@id":"https:\/\/csdcab.ca\/en\/#\/schema\/logo\/image\/"},"sameAs":["https:\/\/www.facebook.com\/csdcab","https:\/\/x.com\/csdcab","https:\/\/www.youtube.com\/channel\/UCTWQOPC_Kh8GvED-3AuBqZQ"]}]}},"publishpress_future_workflow_manual_trigger":{"enabledWorkflows":[]},"_links":{"self":[{"href":"https:\/\/csdcab.ca\/en\/wp-json\/wp\/v2\/actualites\/29135","targetHints":{"allow":["GET"]}}],"collection":[{"href":"https:\/\/csdcab.ca\/en\/wp-json\/wp\/v2\/actualites"}],"about":[{"href":"https:\/\/csdcab.ca\/en\/wp-json\/wp\/v2\/types\/actualites"}],"wp:featuredmedia":[{"embeddable":true,"href":"https:\/\/csdcab.ca\/en\/wp-json\/wp\/v2\/media\/29150"}],"wp:attachment":[{"href":"https:\/\/csdcab.ca\/en\/wp-json\/wp\/v2\/media?parent=29135"}],"curies":[{"name":"wp","href":"https:\/\/api.w.org\/{rel}","templated":true}]}}