{"id":25758,"date":"2025-06-23T16:23:26","date_gmt":"2025-06-23T20:23:26","guid":{"rendered":"https:\/\/csdcab.ca\/?post_type=actualites&#038;p=25758"},"modified":"2025-06-23T16:23:26","modified_gmt":"2025-06-23T20:23:26","slug":"aurores-boreales-la-chanson-theme-qui-rassemble-toutes-nos-ecoles","status":"publish","type":"actualites","link":"https:\/\/csdcab.ca\/en\/actualites\/aurores-boreales-la-chanson-theme-qui-rassemble-toutes-nos-ecoles\/","title":{"rendered":"\"Aurores bor\u00e9ales\", the theme song that brings all our schools together!"},"excerpt":{"rendered":"<p>In the context of the French and arts education curricula, the CSDCAB launched a writing project in fall 2024, led by artist Brian St-Pierre and Johanne Lefebvre.<br \/>\nFor two weeks, every school in the district hosted an artistic tour, offering students a unique experience combining a performance, a writing workshop and the recording of a song written by the students themselves. <\/p>","protected":false},"featured_media":25745,"template":"","class_list":["post-25758","actualites","type-actualites","status-publish","has-post-thumbnail","hentry"],"yoast_head":"<!-- This site is optimized with the Yoast SEO plugin v27.4 - https:\/\/yoast.com\/product\/yoast-seo-wordpress\/ -->\n<title>\u00ab Aurores bor\u00e9ales\u202f\u00bb, la chanson-th\u00e8me qui rassemble toutes nos \u00e9coles! - CSDC des Aurores bor\u00e9ales<\/title>\n<meta name=\"robots\" content=\"index, follow, max-snippet:-1, max-image-preview:large, max-video-preview:-1\" \/>\n<link rel=\"canonical\" href=\"https:\/\/csdcab.ca\/en\/actualites\/aurores-boreales-la-chanson-theme-qui-rassemble-toutes-nos-ecoles\/\" \/>\n<meta property=\"og:locale\" content=\"en_US\" \/>\n<meta property=\"og:type\" content=\"article\" \/>\n<meta property=\"og:title\" content=\"\u00ab Aurores bor\u00e9ales\u202f\u00bb, la chanson-th\u00e8me qui rassemble toutes nos \u00e9coles! - CSDC des Aurores bor\u00e9ales\" \/>\n<meta property=\"og:description\" content=\"Dans le contexte des programmes-cadres du fran\u00e7ais et de l\u2019\u00e9ducation artistique, le CSDCAB a lanc\u00e9 \u00e0 l\u2019automne 2024 un projet d\u2019\u00e9criture anim\u00e9 par l\u2019artiste Brian St-Pierre et Johanne Lefebvre.  Pendant deux semaines, toutes les \u00e9coles du conseil ont accueilli une tourn\u00e9e artistique, offrant aux \u00e9l\u00e8ves une exp\u00e9rience unique m\u00ealant spectacle, atelier d\u2019\u00e9criture et enregistrement d\u2019une chanson \u00e9crite par les \u00e9l\u00e8ves eux-m\u00eames.\" \/>\n<meta property=\"og:url\" content=\"https:\/\/csdcab.ca\/en\/actualites\/aurores-boreales-la-chanson-theme-qui-rassemble-toutes-nos-ecoles\/\" \/>\n<meta property=\"og:site_name\" content=\"CSDC des Aurores bor\u00e9ales\" \/>\n<meta property=\"article:publisher\" content=\"https:\/\/www.facebook.com\/csdcab\" \/>\n<meta property=\"og:image\" content=\"https:\/\/csdcab.ca\/wp-content\/uploads\/2025\/06\/501082589_1214994790419608_1885391591520458549_n.jpg\" \/>\n\t<meta property=\"og:image:width\" content=\"595\" \/>\n\t<meta property=\"og:image:height\" content=\"312\" \/>\n\t<meta property=\"og:image:type\" content=\"image\/jpeg\" \/>\n<meta name=\"twitter:card\" content=\"summary_large_image\" \/>\n<meta name=\"twitter:site\" content=\"@csdcab\" \/>\n<meta name=\"twitter:label1\" content=\"Est. reading time\" \/>\n\t<meta name=\"twitter:data1\" content=\"1 minute\" \/>\n<script type=\"application\/ld+json\" class=\"yoast-schema-graph\">{\"@context\":\"https:\\\/\\\/schema.org\",\"@graph\":[{\"@type\":\"WebPage\",\"@id\":\"https:\\\/\\\/csdcab.ca\\\/actualites\\\/aurores-boreales-la-chanson-theme-qui-rassemble-toutes-nos-ecoles\\\/\",\"url\":\"https:\\\/\\\/csdcab.ca\\\/actualites\\\/aurores-boreales-la-chanson-theme-qui-rassemble-toutes-nos-ecoles\\\/\",\"name\":\"\u00ab Aurores bor\u00e9ales\u202f\u00bb, la chanson-th\u00e8me qui rassemble toutes nos \u00e9coles! - CSDC des Aurores bor\u00e9ales\",\"isPartOf\":{\"@id\":\"https:\\\/\\\/csdcab.ca\\\/en\\\/#website\"},\"primaryImageOfPage\":{\"@id\":\"https:\\\/\\\/csdcab.ca\\\/actualites\\\/aurores-boreales-la-chanson-theme-qui-rassemble-toutes-nos-ecoles\\\/#primaryimage\"},\"image\":{\"@id\":\"https:\\\/\\\/csdcab.ca\\\/actualites\\\/aurores-boreales-la-chanson-theme-qui-rassemble-toutes-nos-ecoles\\\/#primaryimage\"},\"thumbnailUrl\":\"https:\\\/\\\/csdcab.ca\\\/wp-content\\\/uploads\\\/2025\\\/06\\\/501082589_1214994790419608_1885391591520458549_n.jpg\",\"datePublished\":\"2025-06-23T20:23:26+00:00\",\"breadcrumb\":{\"@id\":\"https:\\\/\\\/csdcab.ca\\\/actualites\\\/aurores-boreales-la-chanson-theme-qui-rassemble-toutes-nos-ecoles\\\/#breadcrumb\"},\"inLanguage\":\"en-CA\",\"potentialAction\":[{\"@type\":\"ReadAction\",\"target\":[\"https:\\\/\\\/csdcab.ca\\\/actualites\\\/aurores-boreales-la-chanson-theme-qui-rassemble-toutes-nos-ecoles\\\/\"]}]},{\"@type\":\"ImageObject\",\"inLanguage\":\"en-CA\",\"@id\":\"https:\\\/\\\/csdcab.ca\\\/actualites\\\/aurores-boreales-la-chanson-theme-qui-rassemble-toutes-nos-ecoles\\\/#primaryimage\",\"url\":\"https:\\\/\\\/csdcab.ca\\\/wp-content\\\/uploads\\\/2025\\\/06\\\/501082589_1214994790419608_1885391591520458549_n.jpg\",\"contentUrl\":\"https:\\\/\\\/csdcab.ca\\\/wp-content\\\/uploads\\\/2025\\\/06\\\/501082589_1214994790419608_1885391591520458549_n.jpg\",\"width\":595,\"height\":312,\"caption\":\"\u00c9l\u00e8ve fille du conseil chantant la chanson aurores bor\u00e9ales\"},{\"@type\":\"BreadcrumbList\",\"@id\":\"https:\\\/\\\/csdcab.ca\\\/actualites\\\/aurores-boreales-la-chanson-theme-qui-rassemble-toutes-nos-ecoles\\\/#breadcrumb\",\"itemListElement\":[{\"@type\":\"ListItem\",\"position\":1,\"name\":\"Accueil\",\"item\":\"https:\\\/\\\/csdcab.ca\\\/\"},{\"@type\":\"ListItem\",\"position\":2,\"name\":\"Actualit\u00e9s\",\"item\":\"https:\\\/\\\/csdcab.ca\\\/actualites\\\/\"},{\"@type\":\"ListItem\",\"position\":3,\"name\":\"\u00ab Aurores bor\u00e9ales\u202f\u00bb, la chanson-th\u00e8me qui rassemble toutes nos \u00e9coles!\"}]},{\"@type\":\"WebSite\",\"@id\":\"https:\\\/\\\/csdcab.ca\\\/en\\\/#website\",\"url\":\"https:\\\/\\\/csdcab.ca\\\/en\\\/\",\"name\":\"CSDC des Aurores bor\u00e9ales\",\"description\":\"CSDC des Aurores bor\u00e9ales\",\"publisher\":{\"@id\":\"https:\\\/\\\/csdcab.ca\\\/en\\\/#organization\"},\"potentialAction\":[{\"@type\":\"SearchAction\",\"target\":{\"@type\":\"EntryPoint\",\"urlTemplate\":\"https:\\\/\\\/csdcab.ca\\\/en\\\/?s={search_term_string}\"},\"query-input\":{\"@type\":\"PropertyValueSpecification\",\"valueRequired\":true,\"valueName\":\"search_term_string\"}}],\"inLanguage\":\"en-CA\"},{\"@type\":\"Organization\",\"@id\":\"https:\\\/\\\/csdcab.ca\\\/en\\\/#organization\",\"name\":\"CSDC des Aurores bor\u00e9ales\",\"url\":\"https:\\\/\\\/csdcab.ca\\\/en\\\/\",\"logo\":{\"@type\":\"ImageObject\",\"inLanguage\":\"en-CA\",\"@id\":\"https:\\\/\\\/csdcab.ca\\\/en\\\/#\\\/schema\\\/logo\\\/image\\\/\",\"url\":\"https:\\\/\\\/csdcab.ca\\\/wp-content\\\/uploads\\\/2021\\\/07\\\/logo_conseil.svg\",\"contentUrl\":\"https:\\\/\\\/csdcab.ca\\\/wp-content\\\/uploads\\\/2021\\\/07\\\/logo_conseil.svg\",\"width\":396.39,\"height\":107.15,\"caption\":\"CSDC des Aurores bor\u00e9ales\"},\"image\":{\"@id\":\"https:\\\/\\\/csdcab.ca\\\/en\\\/#\\\/schema\\\/logo\\\/image\\\/\"},\"sameAs\":[\"https:\\\/\\\/www.facebook.com\\\/csdcab\",\"https:\\\/\\\/x.com\\\/csdcab\",\"https:\\\/\\\/www.youtube.com\\\/channel\\\/UCTWQOPC_Kh8GvED-3AuBqZQ\"]}]}<\/script>\n<!-- \/ Yoast SEO plugin. -->","yoast_head_json":{"title":"\"Aurores bor\u00e9ales\", the theme song that brings all our schools together! - Aurores bor\u00e9ales CSDC","robots":{"index":"index","follow":"follow","max-snippet":"max-snippet:-1","max-image-preview":"max-image-preview:large","max-video-preview":"max-video-preview:-1"},"canonical":"https:\/\/csdcab.ca\/en\/actualites\/aurores-boreales-la-chanson-theme-qui-rassemble-toutes-nos-ecoles\/","og_locale":"en_US","og_type":"article","og_title":"\u00ab Aurores bor\u00e9ales\u202f\u00bb, la chanson-th\u00e8me qui rassemble toutes nos \u00e9coles! - CSDC des Aurores bor\u00e9ales","og_description":"Dans le contexte des programmes-cadres du fran\u00e7ais et de l\u2019\u00e9ducation artistique, le CSDCAB a lanc\u00e9 \u00e0 l\u2019automne 2024 un projet d\u2019\u00e9criture anim\u00e9 par l\u2019artiste Brian St-Pierre et Johanne Lefebvre.  Pendant deux semaines, toutes les \u00e9coles du conseil ont accueilli une tourn\u00e9e artistique, offrant aux \u00e9l\u00e8ves une exp\u00e9rience unique m\u00ealant spectacle, atelier d\u2019\u00e9criture et enregistrement d\u2019une chanson \u00e9crite par les \u00e9l\u00e8ves eux-m\u00eames.","og_url":"https:\/\/csdcab.ca\/en\/actualites\/aurores-boreales-la-chanson-theme-qui-rassemble-toutes-nos-ecoles\/","og_site_name":"CSDC des Aurores bor\u00e9ales","article_publisher":"https:\/\/www.facebook.com\/csdcab","og_image":[{"width":595,"height":312,"url":"https:\/\/csdcab.ca\/wp-content\/uploads\/2025\/06\/501082589_1214994790419608_1885391591520458549_n.jpg","type":"image\/jpeg"}],"twitter_card":"summary_large_image","twitter_site":"@csdcab","twitter_misc":{"Est. reading time":"1 minute"},"schema":{"@context":"https:\/\/schema.org","@graph":[{"@type":"WebPage","@id":"https:\/\/csdcab.ca\/actualites\/aurores-boreales-la-chanson-theme-qui-rassemble-toutes-nos-ecoles\/","url":"https:\/\/csdcab.ca\/actualites\/aurores-boreales-la-chanson-theme-qui-rassemble-toutes-nos-ecoles\/","name":"\"Aurores bor\u00e9ales\", the theme song that brings all our schools together! - Aurores bor\u00e9ales CSDC","isPartOf":{"@id":"https:\/\/csdcab.ca\/en\/#website"},"primaryImageOfPage":{"@id":"https:\/\/csdcab.ca\/actualites\/aurores-boreales-la-chanson-theme-qui-rassemble-toutes-nos-ecoles\/#primaryimage"},"image":{"@id":"https:\/\/csdcab.ca\/actualites\/aurores-boreales-la-chanson-theme-qui-rassemble-toutes-nos-ecoles\/#primaryimage"},"thumbnailUrl":"https:\/\/csdcab.ca\/wp-content\/uploads\/2025\/06\/501082589_1214994790419608_1885391591520458549_n.jpg","datePublished":"2025-06-23T20:23:26+00:00","breadcrumb":{"@id":"https:\/\/csdcab.ca\/actualites\/aurores-boreales-la-chanson-theme-qui-rassemble-toutes-nos-ecoles\/#breadcrumb"},"inLanguage":"en-CA","potentialAction":[{"@type":"ReadAction","target":["https:\/\/csdcab.ca\/actualites\/aurores-boreales-la-chanson-theme-qui-rassemble-toutes-nos-ecoles\/"]}]},{"@type":"ImageObject","inLanguage":"en-CA","@id":"https:\/\/csdcab.ca\/actualites\/aurores-boreales-la-chanson-theme-qui-rassemble-toutes-nos-ecoles\/#primaryimage","url":"https:\/\/csdcab.ca\/wp-content\/uploads\/2025\/06\/501082589_1214994790419608_1885391591520458549_n.jpg","contentUrl":"https:\/\/csdcab.ca\/wp-content\/uploads\/2025\/06\/501082589_1214994790419608_1885391591520458549_n.jpg","width":595,"height":312,"caption":"\u00c9l\u00e8ve fille du conseil chantant la chanson aurores bor\u00e9ales"},{"@type":"BreadcrumbList","@id":"https:\/\/csdcab.ca\/actualites\/aurores-boreales-la-chanson-theme-qui-rassemble-toutes-nos-ecoles\/#breadcrumb","itemListElement":[{"@type":"ListItem","position":1,"name":"Accueil","item":"https:\/\/csdcab.ca\/"},{"@type":"ListItem","position":2,"name":"Actualit\u00e9s","item":"https:\/\/csdcab.ca\/actualites\/"},{"@type":"ListItem","position":3,"name":"\u00ab Aurores bor\u00e9ales\u202f\u00bb, la chanson-th\u00e8me qui rassemble toutes nos \u00e9coles!"}]},{"@type":"WebSite","@id":"https:\/\/csdcab.ca\/en\/#website","url":"https:\/\/csdcab.ca\/en\/","name":"Northern Lights CSDC","description":"Northern Lights CSDC","publisher":{"@id":"https:\/\/csdcab.ca\/en\/#organization"},"potentialAction":[{"@type":"SearchAction","target":{"@type":"EntryPoint","urlTemplate":"https:\/\/csdcab.ca\/en\/?s={search_term_string}"},"query-input":{"@type":"PropertyValueSpecification","valueRequired":true,"valueName":"search_term_string"}}],"inLanguage":"en-CA"},{"@type":"Organization","@id":"https:\/\/csdcab.ca\/en\/#organization","name":"Northern Lights CSDC","url":"https:\/\/csdcab.ca\/en\/","logo":{"@type":"ImageObject","inLanguage":"en-CA","@id":"https:\/\/csdcab.ca\/en\/#\/schema\/logo\/image\/","url":"https:\/\/csdcab.ca\/wp-content\/uploads\/2021\/07\/logo_conseil.svg","contentUrl":"https:\/\/csdcab.ca\/wp-content\/uploads\/2021\/07\/logo_conseil.svg","width":396.39,"height":107.15,"caption":"CSDC des Aurores bor\u00e9ales"},"image":{"@id":"https:\/\/csdcab.ca\/en\/#\/schema\/logo\/image\/"},"sameAs":["https:\/\/www.facebook.com\/csdcab","https:\/\/x.com\/csdcab","https:\/\/www.youtube.com\/channel\/UCTWQOPC_Kh8GvED-3AuBqZQ"]}]}},"publishpress_future_workflow_manual_trigger":{"enabledWorkflows":[]},"_links":{"self":[{"href":"https:\/\/csdcab.ca\/en\/wp-json\/wp\/v2\/actualites\/25758","targetHints":{"allow":["GET"]}}],"collection":[{"href":"https:\/\/csdcab.ca\/en\/wp-json\/wp\/v2\/actualites"}],"about":[{"href":"https:\/\/csdcab.ca\/en\/wp-json\/wp\/v2\/types\/actualites"}],"wp:featuredmedia":[{"embeddable":true,"href":"https:\/\/csdcab.ca\/en\/wp-json\/wp\/v2\/media\/25745"}],"wp:attachment":[{"href":"https:\/\/csdcab.ca\/en\/wp-json\/wp\/v2\/media?parent=25758"}],"curies":[{"name":"wp","href":"https:\/\/api.w.org\/{rel}","templated":true}]}}