{"id":25384,"date":"2025-05-28T10:20:31","date_gmt":"2025-05-28T14:20:31","guid":{"rendered":"https:\/\/csdcab.ca\/?post_type=actualites&#038;p=25384"},"modified":"2025-05-28T10:21:19","modified_gmt":"2025-05-28T14:21:19","slug":"lecole-catholique-franco-terrace-celebre-ses-40-ans-de-fierte-deducation-de-langue-francaise","status":"publish","type":"actualites","link":"https:\/\/csdcab.ca\/en\/actualites\/lecole-catholique-franco-terrace-celebre-ses-40-ans-de-fierte-deducation-de-langue-francaise\/","title":{"rendered":"\u00c9cole catholique Franco-Terrace celebrates 40 years of pride in French-language education!"},"excerpt":{"rendered":"<p>\u00c9cole catholique Franco-Terrace is proud to celebrate its fortieth anniversary this year, marking four decades of dedication to the education of Terrace Bay's French-speaking youth.<\/p>","protected":false},"featured_media":25385,"template":"","class_list":["post-25384","actualites","type-actualites","status-publish","has-post-thumbnail","hentry"],"yoast_head":"<!-- This site is optimized with the Yoast SEO plugin v27.4 - https:\/\/yoast.com\/product\/yoast-seo-wordpress\/ -->\n<title>L\u2019\u00c9cole catholique Franco-Terrace c\u00e9l\u00e8bre ses 40 ans de fiert\u00e9 d\u2019\u00e9ducation de langue fran\u00e7aise! - CSDC des Aurores bor\u00e9ales<\/title>\n<meta name=\"robots\" content=\"index, follow, max-snippet:-1, max-image-preview:large, max-video-preview:-1\" \/>\n<link rel=\"canonical\" href=\"https:\/\/csdcab.ca\/en\/actualites\/lecole-catholique-franco-terrace-celebre-ses-40-ans-de-fierte-deducation-de-langue-francaise\/\" \/>\n<meta property=\"og:locale\" content=\"en_US\" \/>\n<meta property=\"og:type\" content=\"article\" \/>\n<meta property=\"og:title\" content=\"L\u2019\u00c9cole catholique Franco-Terrace c\u00e9l\u00e8bre ses 40 ans de fiert\u00e9 d\u2019\u00e9ducation de langue fran\u00e7aise! - CSDC des Aurores bor\u00e9ales\" \/>\n<meta property=\"og:description\" content=\"L\u2019\u00c9cole catholique Franco-Terrace est fi\u00e8re de c\u00e9l\u00e9brer son quaranti\u00e8me anniversaire cette ann\u00e9e, marquant quatre d\u00e9cennies de d\u00e9vouement \u00e0 l&#039;\u00e9ducation des jeunes francophones de Terrace Bay.\" \/>\n<meta property=\"og:url\" content=\"https:\/\/csdcab.ca\/en\/actualites\/lecole-catholique-franco-terrace-celebre-ses-40-ans-de-fierte-deducation-de-langue-francaise\/\" \/>\n<meta property=\"og:site_name\" content=\"CSDC des Aurores bor\u00e9ales\" \/>\n<meta property=\"article:publisher\" content=\"https:\/\/www.facebook.com\/csdcab\" \/>\n<meta property=\"article:modified_time\" content=\"2025-05-28T14:21:19+00:00\" \/>\n<meta property=\"og:image\" content=\"https:\/\/csdcab.ca\/wp-content\/uploads\/2025\/05\/logo-franco-terrace.jpg\" \/>\n\t<meta property=\"og:image:width\" content=\"448\" \/>\n\t<meta property=\"og:image:height\" content=\"227\" \/>\n\t<meta property=\"og:image:type\" content=\"image\/jpeg\" \/>\n<meta name=\"twitter:card\" content=\"summary_large_image\" \/>\n<meta name=\"twitter:site\" content=\"@csdcab\" \/>\n<script type=\"application\/ld+json\" class=\"yoast-schema-graph\">{\"@context\":\"https:\\\/\\\/schema.org\",\"@graph\":[{\"@type\":\"WebPage\",\"@id\":\"https:\\\/\\\/csdcab.ca\\\/actualites\\\/lecole-catholique-franco-terrace-celebre-ses-40-ans-de-fierte-deducation-de-langue-francaise\\\/\",\"url\":\"https:\\\/\\\/csdcab.ca\\\/actualites\\\/lecole-catholique-franco-terrace-celebre-ses-40-ans-de-fierte-deducation-de-langue-francaise\\\/\",\"name\":\"L\u2019\u00c9cole catholique Franco-Terrace c\u00e9l\u00e8bre ses 40 ans de fiert\u00e9 d\u2019\u00e9ducation de langue fran\u00e7aise! - CSDC des Aurores bor\u00e9ales\",\"isPartOf\":{\"@id\":\"https:\\\/\\\/csdcab.ca\\\/en\\\/#website\"},\"primaryImageOfPage\":{\"@id\":\"https:\\\/\\\/csdcab.ca\\\/actualites\\\/lecole-catholique-franco-terrace-celebre-ses-40-ans-de-fierte-deducation-de-langue-francaise\\\/#primaryimage\"},\"image\":{\"@id\":\"https:\\\/\\\/csdcab.ca\\\/actualites\\\/lecole-catholique-franco-terrace-celebre-ses-40-ans-de-fierte-deducation-de-langue-francaise\\\/#primaryimage\"},\"thumbnailUrl\":\"https:\\\/\\\/csdcab.ca\\\/wp-content\\\/uploads\\\/2025\\\/05\\\/logo-franco-terrace.jpg\",\"datePublished\":\"2025-05-28T14:20:31+00:00\",\"dateModified\":\"2025-05-28T14:21:19+00:00\",\"breadcrumb\":{\"@id\":\"https:\\\/\\\/csdcab.ca\\\/actualites\\\/lecole-catholique-franco-terrace-celebre-ses-40-ans-de-fierte-deducation-de-langue-francaise\\\/#breadcrumb\"},\"inLanguage\":\"en-CA\",\"potentialAction\":[{\"@type\":\"ReadAction\",\"target\":[\"https:\\\/\\\/csdcab.ca\\\/actualites\\\/lecole-catholique-franco-terrace-celebre-ses-40-ans-de-fierte-deducation-de-langue-francaise\\\/\"]}]},{\"@type\":\"ImageObject\",\"inLanguage\":\"en-CA\",\"@id\":\"https:\\\/\\\/csdcab.ca\\\/actualites\\\/lecole-catholique-franco-terrace-celebre-ses-40-ans-de-fierte-deducation-de-langue-francaise\\\/#primaryimage\",\"url\":\"https:\\\/\\\/csdcab.ca\\\/wp-content\\\/uploads\\\/2025\\\/05\\\/logo-franco-terrace.jpg\",\"contentUrl\":\"https:\\\/\\\/csdcab.ca\\\/wp-content\\\/uploads\\\/2025\\\/05\\\/logo-franco-terrace.jpg\",\"width\":448,\"height\":227,\"caption\":\"Logo Ecole Franco-Terrace bleu et vert avec un visage d'enfant et un croix\"},{\"@type\":\"BreadcrumbList\",\"@id\":\"https:\\\/\\\/csdcab.ca\\\/actualites\\\/lecole-catholique-franco-terrace-celebre-ses-40-ans-de-fierte-deducation-de-langue-francaise\\\/#breadcrumb\",\"itemListElement\":[{\"@type\":\"ListItem\",\"position\":1,\"name\":\"Accueil\",\"item\":\"https:\\\/\\\/csdcab.ca\\\/\"},{\"@type\":\"ListItem\",\"position\":2,\"name\":\"Actualit\u00e9s\",\"item\":\"https:\\\/\\\/csdcab.ca\\\/actualites\\\/\"},{\"@type\":\"ListItem\",\"position\":3,\"name\":\"L\u2019\u00c9cole catholique Franco-Terrace c\u00e9l\u00e8bre ses 40 ans de fiert\u00e9 d\u2019\u00e9ducation de langue fran\u00e7aise!\"}]},{\"@type\":\"WebSite\",\"@id\":\"https:\\\/\\\/csdcab.ca\\\/en\\\/#website\",\"url\":\"https:\\\/\\\/csdcab.ca\\\/en\\\/\",\"name\":\"CSDC des Aurores bor\u00e9ales\",\"description\":\"CSDC des Aurores bor\u00e9ales\",\"publisher\":{\"@id\":\"https:\\\/\\\/csdcab.ca\\\/en\\\/#organization\"},\"potentialAction\":[{\"@type\":\"SearchAction\",\"target\":{\"@type\":\"EntryPoint\",\"urlTemplate\":\"https:\\\/\\\/csdcab.ca\\\/en\\\/?s={search_term_string}\"},\"query-input\":{\"@type\":\"PropertyValueSpecification\",\"valueRequired\":true,\"valueName\":\"search_term_string\"}}],\"inLanguage\":\"en-CA\"},{\"@type\":\"Organization\",\"@id\":\"https:\\\/\\\/csdcab.ca\\\/en\\\/#organization\",\"name\":\"CSDC des Aurores bor\u00e9ales\",\"url\":\"https:\\\/\\\/csdcab.ca\\\/en\\\/\",\"logo\":{\"@type\":\"ImageObject\",\"inLanguage\":\"en-CA\",\"@id\":\"https:\\\/\\\/csdcab.ca\\\/en\\\/#\\\/schema\\\/logo\\\/image\\\/\",\"url\":\"https:\\\/\\\/csdcab.ca\\\/wp-content\\\/uploads\\\/2021\\\/07\\\/logo_conseil.svg\",\"contentUrl\":\"https:\\\/\\\/csdcab.ca\\\/wp-content\\\/uploads\\\/2021\\\/07\\\/logo_conseil.svg\",\"width\":396.39,\"height\":107.15,\"caption\":\"CSDC des Aurores bor\u00e9ales\"},\"image\":{\"@id\":\"https:\\\/\\\/csdcab.ca\\\/en\\\/#\\\/schema\\\/logo\\\/image\\\/\"},\"sameAs\":[\"https:\\\/\\\/www.facebook.com\\\/csdcab\",\"https:\\\/\\\/x.com\\\/csdcab\",\"https:\\\/\\\/www.youtube.com\\\/channel\\\/UCTWQOPC_Kh8GvED-3AuBqZQ\"]}]}<\/script>\n<!-- \/ Yoast SEO plugin. -->","yoast_head_json":{"title":"\u00c9cole catholique Franco-Terrace celebrates 40 years of proud French-language education! - Aurores bor\u00e9ales CSDC","robots":{"index":"index","follow":"follow","max-snippet":"max-snippet:-1","max-image-preview":"max-image-preview:large","max-video-preview":"max-video-preview:-1"},"canonical":"https:\/\/csdcab.ca\/en\/actualites\/lecole-catholique-franco-terrace-celebre-ses-40-ans-de-fierte-deducation-de-langue-francaise\/","og_locale":"en_US","og_type":"article","og_title":"L\u2019\u00c9cole catholique Franco-Terrace c\u00e9l\u00e8bre ses 40 ans de fiert\u00e9 d\u2019\u00e9ducation de langue fran\u00e7aise! - CSDC des Aurores bor\u00e9ales","og_description":"L\u2019\u00c9cole catholique Franco-Terrace est fi\u00e8re de c\u00e9l\u00e9brer son quaranti\u00e8me anniversaire cette ann\u00e9e, marquant quatre d\u00e9cennies de d\u00e9vouement \u00e0 l'\u00e9ducation des jeunes francophones de Terrace Bay.","og_url":"https:\/\/csdcab.ca\/en\/actualites\/lecole-catholique-franco-terrace-celebre-ses-40-ans-de-fierte-deducation-de-langue-francaise\/","og_site_name":"CSDC des Aurores bor\u00e9ales","article_publisher":"https:\/\/www.facebook.com\/csdcab","article_modified_time":"2025-05-28T14:21:19+00:00","og_image":[{"width":448,"height":227,"url":"https:\/\/csdcab.ca\/wp-content\/uploads\/2025\/05\/logo-franco-terrace.jpg","type":"image\/jpeg"}],"twitter_card":"summary_large_image","twitter_site":"@csdcab","schema":{"@context":"https:\/\/schema.org","@graph":[{"@type":"WebPage","@id":"https:\/\/csdcab.ca\/actualites\/lecole-catholique-franco-terrace-celebre-ses-40-ans-de-fierte-deducation-de-langue-francaise\/","url":"https:\/\/csdcab.ca\/actualites\/lecole-catholique-franco-terrace-celebre-ses-40-ans-de-fierte-deducation-de-langue-francaise\/","name":"\u00c9cole catholique Franco-Terrace celebrates 40 years of proud French-language education! - Aurores bor\u00e9ales CSDC","isPartOf":{"@id":"https:\/\/csdcab.ca\/en\/#website"},"primaryImageOfPage":{"@id":"https:\/\/csdcab.ca\/actualites\/lecole-catholique-franco-terrace-celebre-ses-40-ans-de-fierte-deducation-de-langue-francaise\/#primaryimage"},"image":{"@id":"https:\/\/csdcab.ca\/actualites\/lecole-catholique-franco-terrace-celebre-ses-40-ans-de-fierte-deducation-de-langue-francaise\/#primaryimage"},"thumbnailUrl":"https:\/\/csdcab.ca\/wp-content\/uploads\/2025\/05\/logo-franco-terrace.jpg","datePublished":"2025-05-28T14:20:31+00:00","dateModified":"2025-05-28T14:21:19+00:00","breadcrumb":{"@id":"https:\/\/csdcab.ca\/actualites\/lecole-catholique-franco-terrace-celebre-ses-40-ans-de-fierte-deducation-de-langue-francaise\/#breadcrumb"},"inLanguage":"en-CA","potentialAction":[{"@type":"ReadAction","target":["https:\/\/csdcab.ca\/actualites\/lecole-catholique-franco-terrace-celebre-ses-40-ans-de-fierte-deducation-de-langue-francaise\/"]}]},{"@type":"ImageObject","inLanguage":"en-CA","@id":"https:\/\/csdcab.ca\/actualites\/lecole-catholique-franco-terrace-celebre-ses-40-ans-de-fierte-deducation-de-langue-francaise\/#primaryimage","url":"https:\/\/csdcab.ca\/wp-content\/uploads\/2025\/05\/logo-franco-terrace.jpg","contentUrl":"https:\/\/csdcab.ca\/wp-content\/uploads\/2025\/05\/logo-franco-terrace.jpg","width":448,"height":227,"caption":"Logo Ecole Franco-Terrace bleu et vert avec un visage d'enfant et un croix"},{"@type":"BreadcrumbList","@id":"https:\/\/csdcab.ca\/actualites\/lecole-catholique-franco-terrace-celebre-ses-40-ans-de-fierte-deducation-de-langue-francaise\/#breadcrumb","itemListElement":[{"@type":"ListItem","position":1,"name":"Accueil","item":"https:\/\/csdcab.ca\/"},{"@type":"ListItem","position":2,"name":"Actualit\u00e9s","item":"https:\/\/csdcab.ca\/actualites\/"},{"@type":"ListItem","position":3,"name":"L\u2019\u00c9cole catholique Franco-Terrace c\u00e9l\u00e8bre ses 40 ans de fiert\u00e9 d\u2019\u00e9ducation de langue fran\u00e7aise!"}]},{"@type":"WebSite","@id":"https:\/\/csdcab.ca\/en\/#website","url":"https:\/\/csdcab.ca\/en\/","name":"Northern Lights CSDC","description":"Northern Lights CSDC","publisher":{"@id":"https:\/\/csdcab.ca\/en\/#organization"},"potentialAction":[{"@type":"SearchAction","target":{"@type":"EntryPoint","urlTemplate":"https:\/\/csdcab.ca\/en\/?s={search_term_string}"},"query-input":{"@type":"PropertyValueSpecification","valueRequired":true,"valueName":"search_term_string"}}],"inLanguage":"en-CA"},{"@type":"Organization","@id":"https:\/\/csdcab.ca\/en\/#organization","name":"Northern Lights CSDC","url":"https:\/\/csdcab.ca\/en\/","logo":{"@type":"ImageObject","inLanguage":"en-CA","@id":"https:\/\/csdcab.ca\/en\/#\/schema\/logo\/image\/","url":"https:\/\/csdcab.ca\/wp-content\/uploads\/2021\/07\/logo_conseil.svg","contentUrl":"https:\/\/csdcab.ca\/wp-content\/uploads\/2021\/07\/logo_conseil.svg","width":396.39,"height":107.15,"caption":"CSDC des Aurores bor\u00e9ales"},"image":{"@id":"https:\/\/csdcab.ca\/en\/#\/schema\/logo\/image\/"},"sameAs":["https:\/\/www.facebook.com\/csdcab","https:\/\/x.com\/csdcab","https:\/\/www.youtube.com\/channel\/UCTWQOPC_Kh8GvED-3AuBqZQ"]}]}},"publishpress_future_workflow_manual_trigger":{"enabledWorkflows":[]},"_links":{"self":[{"href":"https:\/\/csdcab.ca\/en\/wp-json\/wp\/v2\/actualites\/25384","targetHints":{"allow":["GET"]}}],"collection":[{"href":"https:\/\/csdcab.ca\/en\/wp-json\/wp\/v2\/actualites"}],"about":[{"href":"https:\/\/csdcab.ca\/en\/wp-json\/wp\/v2\/types\/actualites"}],"wp:featuredmedia":[{"embeddable":true,"href":"https:\/\/csdcab.ca\/en\/wp-json\/wp\/v2\/media\/25385"}],"wp:attachment":[{"href":"https:\/\/csdcab.ca\/en\/wp-json\/wp\/v2\/media?parent=25384"}],"curies":[{"name":"wp","href":"https:\/\/api.w.org\/{rel}","templated":true}]}}