{"id":25198,"date":"2025-05-13T11:50:19","date_gmt":"2025-05-13T15:50:19","guid":{"rendered":"https:\/\/csdcab.ca\/?post_type=actualites&#038;p=25198"},"modified":"2025-05-13T12:13:49","modified_gmt":"2025-05-13T16:13:49","slug":"le-camp-boreal-2025-un-voyage-educatif-au-coeur-de-la-culture-franco-ontarienne-et-autochtone","status":"publish","type":"actualites","link":"https:\/\/csdcab.ca\/en\/actualites\/le-camp-boreal-2025-un-voyage-educatif-au-coeur-de-la-culture-franco-ontarienne-et-autochtone\/","title":{"rendered":"Camp Bor\u00e9al 2025: an educational journey to the heart of Franco-Ontarian and Aboriginal culture"},"excerpt":{"rendered":"<p>Held every two years, this is a must-attend event for grade 5 and 6 students of the Conseil scolaire de district catholique des Aurores bor\u00e9ales.<\/p>","protected":false},"featured_media":25191,"template":"","class_list":["post-25198","actualites","type-actualites","status-publish","has-post-thumbnail","hentry"],"yoast_head":"<!-- This site is optimized with the Yoast SEO plugin v27.4 - https:\/\/yoast.com\/product\/yoast-seo-wordpress\/ -->\n<title>Le camp Bor\u00e9al 2025 : un voyage \u00e9ducatif au c\u0153ur de la culture franco-ontarienne et autochtone - CSDC des Aurores bor\u00e9ales<\/title>\n<meta name=\"robots\" content=\"index, follow, max-snippet:-1, max-image-preview:large, max-video-preview:-1\" \/>\n<link rel=\"canonical\" href=\"https:\/\/csdcab.ca\/en\/actualites\/le-camp-boreal-2025-un-voyage-educatif-au-coeur-de-la-culture-franco-ontarienne-et-autochtone\/\" \/>\n<meta property=\"og:locale\" content=\"en_US\" \/>\n<meta property=\"og:type\" content=\"article\" \/>\n<meta property=\"og:title\" content=\"Le camp Bor\u00e9al 2025 : un voyage \u00e9ducatif au c\u0153ur de la culture franco-ontarienne et autochtone - CSDC des Aurores bor\u00e9ales\" \/>\n<meta property=\"og:description\" content=\"Organis\u00e9 tous les deux ans, c&#039;est un \u00e9v\u00e9nement incontournable pour les \u00e9l\u00e8ves de 5e et 6e ann\u00e9e du Conseil scolaire de district catholique des Aurores bor\u00e9ales.\" \/>\n<meta property=\"og:url\" content=\"https:\/\/csdcab.ca\/en\/actualites\/le-camp-boreal-2025-un-voyage-educatif-au-coeur-de-la-culture-franco-ontarienne-et-autochtone\/\" \/>\n<meta property=\"og:site_name\" content=\"CSDC des Aurores bor\u00e9ales\" \/>\n<meta property=\"article:publisher\" content=\"https:\/\/www.facebook.com\/csdcab\" \/>\n<meta property=\"article:modified_time\" content=\"2025-05-13T16:13:49+00:00\" \/>\n<meta property=\"og:image\" content=\"https:\/\/csdcab.ca\/wp-content\/uploads\/2025\/05\/Drone-camp-Boreal-scaled.jpg\" \/>\n\t<meta property=\"og:image:width\" content=\"2560\" \/>\n\t<meta property=\"og:image:height\" content=\"1440\" \/>\n\t<meta property=\"og:image:type\" content=\"image\/jpeg\" \/>\n<meta name=\"twitter:card\" content=\"summary_large_image\" \/>\n<meta name=\"twitter:site\" content=\"@csdcab\" \/>\n<script type=\"application\/ld+json\" class=\"yoast-schema-graph\">{\"@context\":\"https:\\\/\\\/schema.org\",\"@graph\":[{\"@type\":\"WebPage\",\"@id\":\"https:\\\/\\\/csdcab.ca\\\/actualites\\\/le-camp-boreal-2025-un-voyage-educatif-au-coeur-de-la-culture-franco-ontarienne-et-autochtone\\\/\",\"url\":\"https:\\\/\\\/csdcab.ca\\\/actualites\\\/le-camp-boreal-2025-un-voyage-educatif-au-coeur-de-la-culture-franco-ontarienne-et-autochtone\\\/\",\"name\":\"Le camp Bor\u00e9al 2025 : un voyage \u00e9ducatif au c\u0153ur de la culture franco-ontarienne et autochtone - CSDC des Aurores bor\u00e9ales\",\"isPartOf\":{\"@id\":\"https:\\\/\\\/csdcab.ca\\\/en\\\/#website\"},\"primaryImageOfPage\":{\"@id\":\"https:\\\/\\\/csdcab.ca\\\/actualites\\\/le-camp-boreal-2025-un-voyage-educatif-au-coeur-de-la-culture-franco-ontarienne-et-autochtone\\\/#primaryimage\"},\"image\":{\"@id\":\"https:\\\/\\\/csdcab.ca\\\/actualites\\\/le-camp-boreal-2025-un-voyage-educatif-au-coeur-de-la-culture-franco-ontarienne-et-autochtone\\\/#primaryimage\"},\"thumbnailUrl\":\"https:\\\/\\\/csdcab.ca\\\/wp-content\\\/uploads\\\/2025\\\/05\\\/Drone-camp-Boreal-scaled.jpg\",\"datePublished\":\"2025-05-13T15:50:19+00:00\",\"dateModified\":\"2025-05-13T16:13:49+00:00\",\"breadcrumb\":{\"@id\":\"https:\\\/\\\/csdcab.ca\\\/actualites\\\/le-camp-boreal-2025-un-voyage-educatif-au-coeur-de-la-culture-franco-ontarienne-et-autochtone\\\/#breadcrumb\"},\"inLanguage\":\"en-CA\",\"potentialAction\":[{\"@type\":\"ReadAction\",\"target\":[\"https:\\\/\\\/csdcab.ca\\\/actualites\\\/le-camp-boreal-2025-un-voyage-educatif-au-coeur-de-la-culture-franco-ontarienne-et-autochtone\\\/\"]}]},{\"@type\":\"ImageObject\",\"inLanguage\":\"en-CA\",\"@id\":\"https:\\\/\\\/csdcab.ca\\\/actualites\\\/le-camp-boreal-2025-un-voyage-educatif-au-coeur-de-la-culture-franco-ontarienne-et-autochtone\\\/#primaryimage\",\"url\":\"https:\\\/\\\/csdcab.ca\\\/wp-content\\\/uploads\\\/2025\\\/05\\\/Drone-camp-Boreal-scaled.jpg\",\"contentUrl\":\"https:\\\/\\\/csdcab.ca\\\/wp-content\\\/uploads\\\/2025\\\/05\\\/Drone-camp-Boreal-scaled.jpg\",\"width\":2560,\"height\":1440,\"caption\":\"DCIM100MEDIADJI_0260.JPG\"},{\"@type\":\"BreadcrumbList\",\"@id\":\"https:\\\/\\\/csdcab.ca\\\/actualites\\\/le-camp-boreal-2025-un-voyage-educatif-au-coeur-de-la-culture-franco-ontarienne-et-autochtone\\\/#breadcrumb\",\"itemListElement\":[{\"@type\":\"ListItem\",\"position\":1,\"name\":\"Accueil\",\"item\":\"https:\\\/\\\/csdcab.ca\\\/\"},{\"@type\":\"ListItem\",\"position\":2,\"name\":\"Actualit\u00e9s\",\"item\":\"https:\\\/\\\/csdcab.ca\\\/actualites\\\/\"},{\"@type\":\"ListItem\",\"position\":3,\"name\":\"Le camp Bor\u00e9al 2025 : un voyage \u00e9ducatif au c\u0153ur de la culture franco-ontarienne et autochtone\"}]},{\"@type\":\"WebSite\",\"@id\":\"https:\\\/\\\/csdcab.ca\\\/en\\\/#website\",\"url\":\"https:\\\/\\\/csdcab.ca\\\/en\\\/\",\"name\":\"CSDC des Aurores bor\u00e9ales\",\"description\":\"CSDC des Aurores bor\u00e9ales\",\"publisher\":{\"@id\":\"https:\\\/\\\/csdcab.ca\\\/en\\\/#organization\"},\"potentialAction\":[{\"@type\":\"SearchAction\",\"target\":{\"@type\":\"EntryPoint\",\"urlTemplate\":\"https:\\\/\\\/csdcab.ca\\\/en\\\/?s={search_term_string}\"},\"query-input\":{\"@type\":\"PropertyValueSpecification\",\"valueRequired\":true,\"valueName\":\"search_term_string\"}}],\"inLanguage\":\"en-CA\"},{\"@type\":\"Organization\",\"@id\":\"https:\\\/\\\/csdcab.ca\\\/en\\\/#organization\",\"name\":\"CSDC des Aurores bor\u00e9ales\",\"url\":\"https:\\\/\\\/csdcab.ca\\\/en\\\/\",\"logo\":{\"@type\":\"ImageObject\",\"inLanguage\":\"en-CA\",\"@id\":\"https:\\\/\\\/csdcab.ca\\\/en\\\/#\\\/schema\\\/logo\\\/image\\\/\",\"url\":\"https:\\\/\\\/csdcab.ca\\\/wp-content\\\/uploads\\\/2021\\\/07\\\/logo_conseil.svg\",\"contentUrl\":\"https:\\\/\\\/csdcab.ca\\\/wp-content\\\/uploads\\\/2021\\\/07\\\/logo_conseil.svg\",\"width\":396.39,\"height\":107.15,\"caption\":\"CSDC des Aurores bor\u00e9ales\"},\"image\":{\"@id\":\"https:\\\/\\\/csdcab.ca\\\/en\\\/#\\\/schema\\\/logo\\\/image\\\/\"},\"sameAs\":[\"https:\\\/\\\/www.facebook.com\\\/csdcab\",\"https:\\\/\\\/x.com\\\/csdcab\",\"https:\\\/\\\/www.youtube.com\\\/channel\\\/UCTWQOPC_Kh8GvED-3AuBqZQ\"]}]}<\/script>\n<!-- \/ Yoast SEO plugin. -->","yoast_head_json":{"title":"Camp Bor\u00e9al 2025: an educational journey to the heart of Franco-Ontarian and Aboriginal culture - CSDC des Aurores bor\u00e9ales","robots":{"index":"index","follow":"follow","max-snippet":"max-snippet:-1","max-image-preview":"max-image-preview:large","max-video-preview":"max-video-preview:-1"},"canonical":"https:\/\/csdcab.ca\/en\/actualites\/le-camp-boreal-2025-un-voyage-educatif-au-coeur-de-la-culture-franco-ontarienne-et-autochtone\/","og_locale":"en_US","og_type":"article","og_title":"Le camp Bor\u00e9al 2025 : un voyage \u00e9ducatif au c\u0153ur de la culture franco-ontarienne et autochtone - CSDC des Aurores bor\u00e9ales","og_description":"Organis\u00e9 tous les deux ans, c'est un \u00e9v\u00e9nement incontournable pour les \u00e9l\u00e8ves de 5e et 6e ann\u00e9e du Conseil scolaire de district catholique des Aurores bor\u00e9ales.","og_url":"https:\/\/csdcab.ca\/en\/actualites\/le-camp-boreal-2025-un-voyage-educatif-au-coeur-de-la-culture-franco-ontarienne-et-autochtone\/","og_site_name":"CSDC des Aurores bor\u00e9ales","article_publisher":"https:\/\/www.facebook.com\/csdcab","article_modified_time":"2025-05-13T16:13:49+00:00","og_image":[{"width":2560,"height":1440,"url":"https:\/\/csdcab.ca\/wp-content\/uploads\/2025\/05\/Drone-camp-Boreal-scaled.jpg","type":"image\/jpeg"}],"twitter_card":"summary_large_image","twitter_site":"@csdcab","schema":{"@context":"https:\/\/schema.org","@graph":[{"@type":"WebPage","@id":"https:\/\/csdcab.ca\/actualites\/le-camp-boreal-2025-un-voyage-educatif-au-coeur-de-la-culture-franco-ontarienne-et-autochtone\/","url":"https:\/\/csdcab.ca\/actualites\/le-camp-boreal-2025-un-voyage-educatif-au-coeur-de-la-culture-franco-ontarienne-et-autochtone\/","name":"Camp Bor\u00e9al 2025: an educational journey to the heart of Franco-Ontarian and Aboriginal culture - CSDC des Aurores bor\u00e9ales","isPartOf":{"@id":"https:\/\/csdcab.ca\/en\/#website"},"primaryImageOfPage":{"@id":"https:\/\/csdcab.ca\/actualites\/le-camp-boreal-2025-un-voyage-educatif-au-coeur-de-la-culture-franco-ontarienne-et-autochtone\/#primaryimage"},"image":{"@id":"https:\/\/csdcab.ca\/actualites\/le-camp-boreal-2025-un-voyage-educatif-au-coeur-de-la-culture-franco-ontarienne-et-autochtone\/#primaryimage"},"thumbnailUrl":"https:\/\/csdcab.ca\/wp-content\/uploads\/2025\/05\/Drone-camp-Boreal-scaled.jpg","datePublished":"2025-05-13T15:50:19+00:00","dateModified":"2025-05-13T16:13:49+00:00","breadcrumb":{"@id":"https:\/\/csdcab.ca\/actualites\/le-camp-boreal-2025-un-voyage-educatif-au-coeur-de-la-culture-franco-ontarienne-et-autochtone\/#breadcrumb"},"inLanguage":"en-CA","potentialAction":[{"@type":"ReadAction","target":["https:\/\/csdcab.ca\/actualites\/le-camp-boreal-2025-un-voyage-educatif-au-coeur-de-la-culture-franco-ontarienne-et-autochtone\/"]}]},{"@type":"ImageObject","inLanguage":"en-CA","@id":"https:\/\/csdcab.ca\/actualites\/le-camp-boreal-2025-un-voyage-educatif-au-coeur-de-la-culture-franco-ontarienne-et-autochtone\/#primaryimage","url":"https:\/\/csdcab.ca\/wp-content\/uploads\/2025\/05\/Drone-camp-Boreal-scaled.jpg","contentUrl":"https:\/\/csdcab.ca\/wp-content\/uploads\/2025\/05\/Drone-camp-Boreal-scaled.jpg","width":2560,"height":1440,"caption":"DCIM100MEDIADJI_0260.JPG"},{"@type":"BreadcrumbList","@id":"https:\/\/csdcab.ca\/actualites\/le-camp-boreal-2025-un-voyage-educatif-au-coeur-de-la-culture-franco-ontarienne-et-autochtone\/#breadcrumb","itemListElement":[{"@type":"ListItem","position":1,"name":"Accueil","item":"https:\/\/csdcab.ca\/"},{"@type":"ListItem","position":2,"name":"Actualit\u00e9s","item":"https:\/\/csdcab.ca\/actualites\/"},{"@type":"ListItem","position":3,"name":"Le camp Bor\u00e9al 2025 : un voyage \u00e9ducatif au c\u0153ur de la culture franco-ontarienne et autochtone"}]},{"@type":"WebSite","@id":"https:\/\/csdcab.ca\/en\/#website","url":"https:\/\/csdcab.ca\/en\/","name":"Northern Lights CSDC","description":"Northern Lights CSDC","publisher":{"@id":"https:\/\/csdcab.ca\/en\/#organization"},"potentialAction":[{"@type":"SearchAction","target":{"@type":"EntryPoint","urlTemplate":"https:\/\/csdcab.ca\/en\/?s={search_term_string}"},"query-input":{"@type":"PropertyValueSpecification","valueRequired":true,"valueName":"search_term_string"}}],"inLanguage":"en-CA"},{"@type":"Organization","@id":"https:\/\/csdcab.ca\/en\/#organization","name":"Northern Lights CSDC","url":"https:\/\/csdcab.ca\/en\/","logo":{"@type":"ImageObject","inLanguage":"en-CA","@id":"https:\/\/csdcab.ca\/en\/#\/schema\/logo\/image\/","url":"https:\/\/csdcab.ca\/wp-content\/uploads\/2021\/07\/logo_conseil.svg","contentUrl":"https:\/\/csdcab.ca\/wp-content\/uploads\/2021\/07\/logo_conseil.svg","width":396.39,"height":107.15,"caption":"CSDC des Aurores bor\u00e9ales"},"image":{"@id":"https:\/\/csdcab.ca\/en\/#\/schema\/logo\/image\/"},"sameAs":["https:\/\/www.facebook.com\/csdcab","https:\/\/x.com\/csdcab","https:\/\/www.youtube.com\/channel\/UCTWQOPC_Kh8GvED-3AuBqZQ"]}]}},"publishpress_future_workflow_manual_trigger":{"enabledWorkflows":[]},"_links":{"self":[{"href":"https:\/\/csdcab.ca\/en\/wp-json\/wp\/v2\/actualites\/25198","targetHints":{"allow":["GET"]}}],"collection":[{"href":"https:\/\/csdcab.ca\/en\/wp-json\/wp\/v2\/actualites"}],"about":[{"href":"https:\/\/csdcab.ca\/en\/wp-json\/wp\/v2\/types\/actualites"}],"wp:featuredmedia":[{"embeddable":true,"href":"https:\/\/csdcab.ca\/en\/wp-json\/wp\/v2\/media\/25191"}],"wp:attachment":[{"href":"https:\/\/csdcab.ca\/en\/wp-json\/wp\/v2\/media?parent=25198"}],"curies":[{"name":"wp","href":"https:\/\/api.w.org\/{rel}","templated":true}]}}